{"id":3300,"date":"2025-08-07T09:54:09","date_gmt":"2025-08-07T07:54:09","guid":{"rendered":"https:\/\/abacformacio.com\/habilitats-eines-i-estrategies-per-labordatge-grupal-amb-pacients-i-professionals\/"},"modified":"2025-08-07T09:54:38","modified_gmt":"2025-08-07T07:54:38","slug":"habilitats-eines-i-estrategies-per-labordatge-grupal-amb-pacients-i-professionals","status":"publish","type":"post","link":"https:\/\/abacformacio.com\/es\/habilitats-eines-i-estrategies-per-labordatge-grupal-amb-pacients-i-professionals\/","title":{"rendered":"Habilitats, eines i estrat\u00e8gies per l&#8217;abordatge grupal amb pacients i professionals"},"content":{"rendered":"","protected":false},"excerpt":{"rendered":"","protected":false},"author":1,"featured_media":0,"comment_status":"closed","ping_status":"closed","sticky":false,"template":"","format":"standard","meta":{"_acf_changed":false,"footnotes":""},"categories":[48],"tags":[],"class_list":["post-3300","post","type-post","status-publish","format-standard","hentry","category-fb-apc-es"],"acf":{"codi_de_referencia":"","data_inici":null,"data_final":null,"objectius":"<ul>\r\n \t<li><span data-sheets-root=\"1\">Comprendre les noves tend\u00e8ncies en participaci\u00f3 en salut i el seu impacte en l\u2019atenci\u00f3 centrada en la persona.\r\n<\/span><\/li>\r\n \t<li><span data-sheets-root=\"1\">Recon\u00e8ixer el valor del treball en equip interdisciplinari i de la participaci\u00f3 activa de pacients i professionals.\r\n<\/span><\/li>\r\n \t<li><span data-sheets-root=\"1\">Adquirir eines i t\u00e8cniques per dissenyar, dinamitzar i facilitar sessions grupals efectives en contextos assistencials.\r\n<\/span><\/li>\r\n \t<li><span data-sheets-root=\"1\">Desenvolupar habilitats comunicatives i de facilitaci\u00f3 per promoure la cohesi\u00f3, la participaci\u00f3 i el bon funcionament dels grups.\r\n<\/span><\/li>\r\n \t<li><span data-sheets-root=\"1\">Aplicar principis \u00e8tics i estrat\u00e8gies de dinamitzaci\u00f3 tant en trobades presencials com virtuals.<\/span><\/li>\r\n<\/ul>","continguts":"<span data-sheets-root=\"1\"><strong>1. Participaci\u00f3 en salut: noves tend\u00e8ncies i contextos d\u2019aplicaci\u00f3<\/strong>\r\n<\/span>\r\n<ul>\r\n \t<li><span data-sheets-root=\"1\">Nous paradigmes en salut: atenci\u00f3 centrada en la persona, decisions compartides i drets dels pacients.\r\n<\/span><\/li>\r\n \t<li><span data-sheets-root=\"1\">Participaci\u00f3 activa del pacient: beneficis, reptes i aplicacions pr\u00e0ctiques.<\/span><\/li>\r\n \t<li><span data-sheets-root=\"1\">La veu dels professionals: corresponsabilitat, experi\u00e8ncia compartida i implicaci\u00f3.<\/span><\/li>\r\n<\/ul>\r\n&nbsp;\r\n\r\n<span data-sheets-root=\"1\"><strong>2. Eines i t\u00e8cniques per dinamitzar grups amb pacients<\/strong>\r\n<\/span>\r\n<ul>\r\n \t<li><span data-sheets-root=\"1\">Introducci\u00f3 als grups focals i altres t\u00e8cniques participatives aplicades a la salut.\r\n<\/span><\/li>\r\n \t<li><span data-sheets-root=\"1\">Planificaci\u00f3 de din\u00e0miques grupals: objectius, participants, temps i escenari.\r\n<\/span><\/li>\r\n \t<li><span data-sheets-root=\"1\">Rols de dinamitzaci\u00f3: facilitador, moderador i observador.\r\n<\/span><\/li>\r\n \t<li><span data-sheets-root=\"1\">Habilitats b\u00e0siques per conduir sessions participatives: preguntes obertes, gesti\u00f3 de silencis, inclusivitat.\r\n<\/span><\/li>\r\n \t<li><span data-sheets-root=\"1\">Principis \u00e8tics en la participaci\u00f3: autonomia, consentiment informat, privacitat i respecte.\r\n<\/span><\/li>\r\n \t<li><span data-sheets-root=\"1\">Exercicis pr\u00e0ctics: simulaci\u00f3 d\u2019una sessi\u00f3 grupal amb pacients.<\/span><\/li>\r\n<\/ul>\r\n&nbsp;\r\n\r\n<span data-sheets-root=\"1\"><strong>3. Dinamitzaci\u00f3 de sessions amb equips professionals<\/strong>\r\n<\/span>\r\n<ul>\r\n \t<li><span data-sheets-root=\"1\">Tipologies de reunions professionals: informatives, de presa de decisions, d\u2019avaluaci\u00f3 (ex. sessions de mortalitat).\r\n<\/span><\/li>\r\n \t<li><span data-sheets-root=\"1\">Estructura i fases d\u2019una reuni\u00f3 efectiva: inici, desenvolupament, tancament i seguiment.\r\n<\/span><\/li>\r\n \t<li><span data-sheets-root=\"1\">T\u00e8cniques de facilitaci\u00f3: tor de paraula, consens, votaci\u00f3, t\u00e8cnica dels sis barrets, brainstorming dirigit.\r\n<\/span><\/li>\r\n \t<li><span data-sheets-root=\"1\">Dinamitzaci\u00f3 en contextos virtuals: eines tecnol\u00f2giques, bones pr\u00e0ctiques i gesti\u00f3 del temps.\r\n<\/span><\/li>\r\n \t<li><span data-sheets-root=\"1\">Comunicaci\u00f3 efectiva en equips interdisciplinaris: escolta activa, assertivitat, adaptaci\u00f3 a rols professionals.<\/span><\/li>\r\n<\/ul>\r\n&nbsp;\r\n\r\n<span data-sheets-root=\"1\"><strong>4. Aplicaci\u00f3 pr\u00e0ctica i integraci\u00f3<\/strong>\r\n<\/span>\r\n<ul>\r\n \t<li><span data-sheets-root=\"1\">Disseny d\u2019una proposta de sessi\u00f3 grupal amb pacients o professionals.<\/span><\/li>\r\n \t<li><span data-sheets-root=\"1\">Feedback en grup sobre les propostes i les habilitats de dinamitzaci\u00f3 observades.\r\n<\/span><\/li>\r\n \t<li><span data-sheets-root=\"1\">Reflexi\u00f3 final sobre aprenentatges, aplicaci\u00f3 al lloc de treball i millores futures.<\/span><\/li>\r\n<\/ul>","avaluacio_i_certificat":"Es lliurar\u00e0 un certificat d\u2019assist\u00e8ncia i aprofitament al final del curs, basat en la participaci\u00f3 i comprensi\u00f3 dels continguts impartits.","calendari":"A concretar","horari":"A concretar","hores_lectives":8,"preu":"","informacio_addicional":"","filtros_tematica":["Ajuda a la depend\u00e8ncia"],"filtros_tipos_cursos":["Bonificat per a treballadors"],"filtros_data_inici":["A petici\u00f3 del client"]},"yoast_head":"<!-- This site is optimized with the Yoast SEO plugin v27.5 - https:\/\/yoast.com\/product\/yoast-seo-wordpress\/ -->\n<title>Habilitats, eines i estrat\u00e8gies per l&#039;abordatge grupal amb pacients i professionals - Abac Formaci\u00f3<\/title>\n<meta name=\"robots\" content=\"index, follow, max-snippet:-1, max-image-preview:large, max-video-preview:-1\" \/>\n<link rel=\"canonical\" href=\"https:\/\/abacformacio.com\/es\/habilitats-eines-i-estrategies-per-labordatge-grupal-amb-pacients-i-professionals\/\" \/>\n<meta property=\"og:locale\" content=\"es_ES\" \/>\n<meta property=\"og:type\" content=\"article\" \/>\n<meta property=\"og:title\" content=\"Habilitats, eines i estrat\u00e8gies per l&#039;abordatge grupal amb pacients i professionals - Abac Formaci\u00f3\" \/>\n<meta property=\"og:url\" content=\"https:\/\/abacformacio.com\/es\/habilitats-eines-i-estrategies-per-labordatge-grupal-amb-pacients-i-professionals\/\" \/>\n<meta property=\"og:site_name\" content=\"Abac Formaci\u00f3\" \/>\n<meta property=\"article:published_time\" content=\"2025-08-07T07:54:09+00:00\" \/>\n<meta property=\"article:modified_time\" content=\"2025-08-07T07:54:38+00:00\" \/>\n<meta name=\"author\" content=\"admin\" \/>\n<meta name=\"twitter:card\" content=\"summary_large_image\" \/>\n<meta name=\"twitter:label1\" content=\"Escrito por\" \/>\n\t<meta name=\"twitter:data1\" content=\"admin\" \/>\n<script type=\"application\/ld+json\" class=\"yoast-schema-graph\">{\"@context\":\"https:\\\/\\\/schema.org\",\"@graph\":[{\"@type\":\"Article\",\"@id\":\"https:\\\/\\\/abacformacio.com\\\/es\\\/habilitats-eines-i-estrategies-per-labordatge-grupal-amb-pacients-i-professionals\\\/#article\",\"isPartOf\":{\"@id\":\"https:\\\/\\\/abacformacio.com\\\/es\\\/habilitats-eines-i-estrategies-per-labordatge-grupal-amb-pacients-i-professionals\\\/\"},\"author\":{\"name\":\"admin\",\"@id\":\"https:\\\/\\\/abacformacio.com\\\/es\\\/#\\\/schema\\\/person\\\/0c5171c1077314e832716c749877c53c\"},\"headline\":\"Habilitats, eines i estrat\u00e8gies per l&#8217;abordatge grupal amb pacients i professionals\",\"datePublished\":\"2025-08-07T07:54:09+00:00\",\"dateModified\":\"2025-08-07T07:54:38+00:00\",\"mainEntityOfPage\":{\"@id\":\"https:\\\/\\\/abacformacio.com\\\/es\\\/habilitats-eines-i-estrategies-per-labordatge-grupal-amb-pacients-i-professionals\\\/\"},\"wordCount\":12,\"publisher\":{\"@id\":\"https:\\\/\\\/abacformacio.com\\\/es\\\/#organization\"},\"articleSection\":[\"FB APC\"],\"inLanguage\":\"es\"},{\"@type\":\"WebPage\",\"@id\":\"https:\\\/\\\/abacformacio.com\\\/es\\\/habilitats-eines-i-estrategies-per-labordatge-grupal-amb-pacients-i-professionals\\\/\",\"url\":\"https:\\\/\\\/abacformacio.com\\\/es\\\/habilitats-eines-i-estrategies-per-labordatge-grupal-amb-pacients-i-professionals\\\/\",\"name\":\"Habilitats, eines i estrat\u00e8gies per l'abordatge grupal amb pacients i professionals - Abac Formaci\u00f3\",\"isPartOf\":{\"@id\":\"https:\\\/\\\/abacformacio.com\\\/es\\\/#website\"},\"datePublished\":\"2025-08-07T07:54:09+00:00\",\"dateModified\":\"2025-08-07T07:54:38+00:00\",\"breadcrumb\":{\"@id\":\"https:\\\/\\\/abacformacio.com\\\/es\\\/habilitats-eines-i-estrategies-per-labordatge-grupal-amb-pacients-i-professionals\\\/#breadcrumb\"},\"inLanguage\":\"es\",\"potentialAction\":[{\"@type\":\"ReadAction\",\"target\":[\"https:\\\/\\\/abacformacio.com\\\/es\\\/habilitats-eines-i-estrategies-per-labordatge-grupal-amb-pacients-i-professionals\\\/\"]}]},{\"@type\":\"BreadcrumbList\",\"@id\":\"https:\\\/\\\/abacformacio.com\\\/es\\\/habilitats-eines-i-estrategies-per-labordatge-grupal-amb-pacients-i-professionals\\\/#breadcrumb\",\"itemListElement\":[{\"@type\":\"ListItem\",\"position\":1,\"name\":\"Portada\",\"item\":\"https:\\\/\\\/abacformacio.com\\\/es\\\/\"},{\"@type\":\"ListItem\",\"position\":2,\"name\":\"Habilitats, eines i estrat\u00e8gies per l'abordatge grupal amb pacients i professionals\"}]},{\"@type\":\"WebSite\",\"@id\":\"https:\\\/\\\/abacformacio.com\\\/es\\\/#website\",\"url\":\"https:\\\/\\\/abacformacio.com\\\/es\\\/\",\"name\":\"Abac Formaci\u00f3\",\"description\":\"Formaci\u00f3 subvencionada i bonificada a Lleida\",\"publisher\":{\"@id\":\"https:\\\/\\\/abacformacio.com\\\/es\\\/#organization\"},\"potentialAction\":[{\"@type\":\"SearchAction\",\"target\":{\"@type\":\"EntryPoint\",\"urlTemplate\":\"https:\\\/\\\/abacformacio.com\\\/es\\\/?s={search_term_string}\"},\"query-input\":{\"@type\":\"PropertyValueSpecification\",\"valueRequired\":true,\"valueName\":\"search_term_string\"}}],\"inLanguage\":\"es\"},{\"@type\":\"Organization\",\"@id\":\"https:\\\/\\\/abacformacio.com\\\/es\\\/#organization\",\"name\":\"Abac Formaci\u00f3\",\"url\":\"https:\\\/\\\/abacformacio.com\\\/es\\\/\",\"logo\":{\"@type\":\"ImageObject\",\"inLanguage\":\"es\",\"@id\":\"https:\\\/\\\/abacformacio.com\\\/es\\\/#\\\/schema\\\/logo\\\/image\\\/\",\"url\":\"https:\\\/\\\/abacformacio.com\\\/wp-content\\\/uploads\\\/2023\\\/10\\\/formacio-empreses-lleida-abac-e1698183049887.png\",\"contentUrl\":\"https:\\\/\\\/abacformacio.com\\\/wp-content\\\/uploads\\\/2023\\\/10\\\/formacio-empreses-lleida-abac-e1698183049887.png\",\"width\":1042,\"height\":203,\"caption\":\"Abac Formaci\u00f3\"},\"image\":{\"@id\":\"https:\\\/\\\/abacformacio.com\\\/es\\\/#\\\/schema\\\/logo\\\/image\\\/\"}},{\"@type\":\"Person\",\"@id\":\"https:\\\/\\\/abacformacio.com\\\/es\\\/#\\\/schema\\\/person\\\/0c5171c1077314e832716c749877c53c\",\"name\":\"admin\",\"image\":{\"@type\":\"ImageObject\",\"inLanguage\":\"es\",\"@id\":\"https:\\\/\\\/secure.gravatar.com\\\/avatar\\\/08a944ee45f3e1d24dff60115a23744b8132a2f21f620a513dcee8557d94a9f9?s=96&d=mm&r=g\",\"url\":\"https:\\\/\\\/secure.gravatar.com\\\/avatar\\\/08a944ee45f3e1d24dff60115a23744b8132a2f21f620a513dcee8557d94a9f9?s=96&d=mm&r=g\",\"contentUrl\":\"https:\\\/\\\/secure.gravatar.com\\\/avatar\\\/08a944ee45f3e1d24dff60115a23744b8132a2f21f620a513dcee8557d94a9f9?s=96&d=mm&r=g\",\"caption\":\"admin\"},\"sameAs\":[\"https:\\\/\\\/abacformacio.com\"],\"url\":\"https:\\\/\\\/abacformacio.com\\\/es\\\/author\\\/lagrafica\\\/\"}]}<\/script>\n<!-- \/ Yoast SEO plugin. -->","yoast_head_json":{"title":"Habilitats, eines i estrat\u00e8gies per l'abordatge grupal amb pacients i professionals - Abac Formaci\u00f3","robots":{"index":"index","follow":"follow","max-snippet":"max-snippet:-1","max-image-preview":"max-image-preview:large","max-video-preview":"max-video-preview:-1"},"canonical":"https:\/\/abacformacio.com\/es\/habilitats-eines-i-estrategies-per-labordatge-grupal-amb-pacients-i-professionals\/","og_locale":"es_ES","og_type":"article","og_title":"Habilitats, eines i estrat\u00e8gies per l'abordatge grupal amb pacients i professionals - Abac Formaci\u00f3","og_url":"https:\/\/abacformacio.com\/es\/habilitats-eines-i-estrategies-per-labordatge-grupal-amb-pacients-i-professionals\/","og_site_name":"Abac Formaci\u00f3","article_published_time":"2025-08-07T07:54:09+00:00","article_modified_time":"2025-08-07T07:54:38+00:00","author":"admin","twitter_card":"summary_large_image","twitter_misc":{"Escrito por":"admin"},"schema":{"@context":"https:\/\/schema.org","@graph":[{"@type":"Article","@id":"https:\/\/abacformacio.com\/es\/habilitats-eines-i-estrategies-per-labordatge-grupal-amb-pacients-i-professionals\/#article","isPartOf":{"@id":"https:\/\/abacformacio.com\/es\/habilitats-eines-i-estrategies-per-labordatge-grupal-amb-pacients-i-professionals\/"},"author":{"name":"admin","@id":"https:\/\/abacformacio.com\/es\/#\/schema\/person\/0c5171c1077314e832716c749877c53c"},"headline":"Habilitats, eines i estrat\u00e8gies per l&#8217;abordatge grupal amb pacients i professionals","datePublished":"2025-08-07T07:54:09+00:00","dateModified":"2025-08-07T07:54:38+00:00","mainEntityOfPage":{"@id":"https:\/\/abacformacio.com\/es\/habilitats-eines-i-estrategies-per-labordatge-grupal-amb-pacients-i-professionals\/"},"wordCount":12,"publisher":{"@id":"https:\/\/abacformacio.com\/es\/#organization"},"articleSection":["FB APC"],"inLanguage":"es"},{"@type":"WebPage","@id":"https:\/\/abacformacio.com\/es\/habilitats-eines-i-estrategies-per-labordatge-grupal-amb-pacients-i-professionals\/","url":"https:\/\/abacformacio.com\/es\/habilitats-eines-i-estrategies-per-labordatge-grupal-amb-pacients-i-professionals\/","name":"Habilitats, eines i estrat\u00e8gies per l'abordatge grupal amb pacients i professionals - Abac Formaci\u00f3","isPartOf":{"@id":"https:\/\/abacformacio.com\/es\/#website"},"datePublished":"2025-08-07T07:54:09+00:00","dateModified":"2025-08-07T07:54:38+00:00","breadcrumb":{"@id":"https:\/\/abacformacio.com\/es\/habilitats-eines-i-estrategies-per-labordatge-grupal-amb-pacients-i-professionals\/#breadcrumb"},"inLanguage":"es","potentialAction":[{"@type":"ReadAction","target":["https:\/\/abacformacio.com\/es\/habilitats-eines-i-estrategies-per-labordatge-grupal-amb-pacients-i-professionals\/"]}]},{"@type":"BreadcrumbList","@id":"https:\/\/abacformacio.com\/es\/habilitats-eines-i-estrategies-per-labordatge-grupal-amb-pacients-i-professionals\/#breadcrumb","itemListElement":[{"@type":"ListItem","position":1,"name":"Portada","item":"https:\/\/abacformacio.com\/es\/"},{"@type":"ListItem","position":2,"name":"Habilitats, eines i estrat\u00e8gies per l'abordatge grupal amb pacients i professionals"}]},{"@type":"WebSite","@id":"https:\/\/abacformacio.com\/es\/#website","url":"https:\/\/abacformacio.com\/es\/","name":"Abac Formaci\u00f3","description":"Formaci\u00f3 subvencionada i bonificada a Lleida","publisher":{"@id":"https:\/\/abacformacio.com\/es\/#organization"},"potentialAction":[{"@type":"SearchAction","target":{"@type":"EntryPoint","urlTemplate":"https:\/\/abacformacio.com\/es\/?s={search_term_string}"},"query-input":{"@type":"PropertyValueSpecification","valueRequired":true,"valueName":"search_term_string"}}],"inLanguage":"es"},{"@type":"Organization","@id":"https:\/\/abacformacio.com\/es\/#organization","name":"Abac Formaci\u00f3","url":"https:\/\/abacformacio.com\/es\/","logo":{"@type":"ImageObject","inLanguage":"es","@id":"https:\/\/abacformacio.com\/es\/#\/schema\/logo\/image\/","url":"https:\/\/abacformacio.com\/wp-content\/uploads\/2023\/10\/formacio-empreses-lleida-abac-e1698183049887.png","contentUrl":"https:\/\/abacformacio.com\/wp-content\/uploads\/2023\/10\/formacio-empreses-lleida-abac-e1698183049887.png","width":1042,"height":203,"caption":"Abac Formaci\u00f3"},"image":{"@id":"https:\/\/abacformacio.com\/es\/#\/schema\/logo\/image\/"}},{"@type":"Person","@id":"https:\/\/abacformacio.com\/es\/#\/schema\/person\/0c5171c1077314e832716c749877c53c","name":"admin","image":{"@type":"ImageObject","inLanguage":"es","@id":"https:\/\/secure.gravatar.com\/avatar\/08a944ee45f3e1d24dff60115a23744b8132a2f21f620a513dcee8557d94a9f9?s=96&d=mm&r=g","url":"https:\/\/secure.gravatar.com\/avatar\/08a944ee45f3e1d24dff60115a23744b8132a2f21f620a513dcee8557d94a9f9?s=96&d=mm&r=g","contentUrl":"https:\/\/secure.gravatar.com\/avatar\/08a944ee45f3e1d24dff60115a23744b8132a2f21f620a513dcee8557d94a9f9?s=96&d=mm&r=g","caption":"admin"},"sameAs":["https:\/\/abacformacio.com"],"url":"https:\/\/abacformacio.com\/es\/author\/lagrafica\/"}]}},"publishpress_future_action":{"enabled":false,"date":"2026-05-08 00:14:24","action":"change-status","newStatus":"draft","terms":[],"taxonomy":"category","extraData":[]},"publishpress_future_workflow_manual_trigger":{"enabledWorkflows":[]},"_links":{"self":[{"href":"https:\/\/abacformacio.com\/es\/wp-json\/wp\/v2\/posts\/3300","targetHints":{"allow":["GET"]}}],"collection":[{"href":"https:\/\/abacformacio.com\/es\/wp-json\/wp\/v2\/posts"}],"about":[{"href":"https:\/\/abacformacio.com\/es\/wp-json\/wp\/v2\/types\/post"}],"author":[{"embeddable":true,"href":"https:\/\/abacformacio.com\/es\/wp-json\/wp\/v2\/users\/1"}],"replies":[{"embeddable":true,"href":"https:\/\/abacformacio.com\/es\/wp-json\/wp\/v2\/comments?post=3300"}],"version-history":[{"count":1,"href":"https:\/\/abacformacio.com\/es\/wp-json\/wp\/v2\/posts\/3300\/revisions"}],"predecessor-version":[{"id":3301,"href":"https:\/\/abacformacio.com\/es\/wp-json\/wp\/v2\/posts\/3300\/revisions\/3301"}],"wp:attachment":[{"href":"https:\/\/abacformacio.com\/es\/wp-json\/wp\/v2\/media?parent=3300"}],"wp:term":[{"taxonomy":"category","embeddable":true,"href":"https:\/\/abacformacio.com\/es\/wp-json\/wp\/v2\/categories?post=3300"},{"taxonomy":"post_tag","embeddable":true,"href":"https:\/\/abacformacio.com\/es\/wp-json\/wp\/v2\/tags?post=3300"}],"curies":[{"name":"wp","href":"https:\/\/api.w.org\/{rel}","templated":true}]}}